{"id":3391,"date":"2026-01-28T15:56:21","date_gmt":"2026-01-28T14:56:21","guid":{"rendered":"https:\/\/enseigner.uqat.ca\/?p=3391"},"modified":"2026-01-28T16:22:46","modified_gmt":"2026-01-28T15:22:46","slug":"bienvenue-a-joseane-toulouse","status":"publish","type":"post","link":"https:\/\/enseigner.uqat.ca\/?p=3391","title":{"rendered":"Bienvenue \u00e0 Jos\u00e9ane Toulouse!"},"content":{"rendered":"\t\t<div data-elementor-type=\"wp-post\" data-elementor-id=\"3391\" class=\"elementor elementor-3391\" data-elementor-post-type=\"post\">\n\t\t\t\t<div class=\"elementor-element elementor-element-17b9c61 e-flex e-con-boxed e-con e-parent\" data-id=\"17b9c61\" data-element_type=\"container\" data-e-type=\"container\">\n\t\t\t\t\t<div class=\"e-con-inner\">\n\t\t\t\t<div class=\"elementor-element elementor-element-7e802ae elementor-widget elementor-widget-text-editor\" data-id=\"7e802ae\" data-element_type=\"widget\" data-e-type=\"widget\" data-widget_type=\"text-editor.default\">\n\t\t\t\t<div class=\"elementor-widget-container\">\n\t\t\t\t\t\t\t\t\t<p>Le Service de p\u00e9dagogie universitaire et de formation \u00e0 distance de l\u2019UQAT est heureux d\u2019annoncer l\u2019arriv\u00e9e d\u2019une nouvelle conseill\u00e8re p\u00e9dagogique dans son \u00e9quipe! Entr\u00e9e en poste en d\u00e9but d\u2019ann\u00e9e, Jos\u00e9ane sera ravie de vous accompagner dans vos divers \u00e9lans et enjeux p\u00e9dagogiques, que ce soit en rencontre individuelle, en rencontre collective autour de l\u2019approche-programme ou dans le processus p\u00e9dagogique li\u00e9 \u00e0 la m\u00e9diatisation.<\/p><p>Apprenez-en plus sur son parcours <a href=\"https:\/\/enseigner.uqat.ca\/?p=3354\">ici<\/a>.<\/p><p>Bienvenue Jos\u00e9ane!<\/p>\t\t\t\t\t\t\t\t<\/div>\n\t\t\t\t<\/div>\n\t\t\t\t\t<\/div>\n\t\t\t\t<\/div>\n\t\t\t\t<\/div>\n\t\t","protected":false},"excerpt":{"rendered":"<p>Le Service de p\u00e9dagogie universitaire et de formation \u00e0 distance de l\u2019UQAT est heureux d\u2019annoncer l\u2019arriv\u00e9e d\u2019une nouvelle conseill\u00e8re p\u00e9dagogique dans son \u00e9quipe! Entr\u00e9e en poste en d\u00e9but d\u2019ann\u00e9e, Jos\u00e9ane sera ravie de vous accompagner dans vos divers \u00e9lans et enjeux p\u00e9dagogiques, que ce soit en rencontre individuelle, en rencontre collective autour de l\u2019approche-programme ou [&hellip;]<\/p>\n","protected":false},"author":2,"featured_media":3382,"comment_status":"closed","ping_status":"closed","sticky":false,"template":"","format":"standard","meta":{"footnotes":""},"categories":[20],"tags":[],"class_list":["post-3391","post","type-post","status-publish","format-standard","has-post-thumbnail","hentry","category-nouvelle"],"_links":{"self":[{"href":"https:\/\/enseigner.uqat.ca\/index.php?rest_route=\/wp\/v2\/posts\/3391","targetHints":{"allow":["GET"]}}],"collection":[{"href":"https:\/\/enseigner.uqat.ca\/index.php?rest_route=\/wp\/v2\/posts"}],"about":[{"href":"https:\/\/enseigner.uqat.ca\/index.php?rest_route=\/wp\/v2\/types\/post"}],"author":[{"embeddable":true,"href":"https:\/\/enseigner.uqat.ca\/index.php?rest_route=\/wp\/v2\/users\/2"}],"replies":[{"embeddable":true,"href":"https:\/\/enseigner.uqat.ca\/index.php?rest_route=%2Fwp%2Fv2%2Fcomments&post=3391"}],"version-history":[{"count":4,"href":"https:\/\/enseigner.uqat.ca\/index.php?rest_route=\/wp\/v2\/posts\/3391\/revisions"}],"predecessor-version":[{"id":3395,"href":"https:\/\/enseigner.uqat.ca\/index.php?rest_route=\/wp\/v2\/posts\/3391\/revisions\/3395"}],"wp:featuredmedia":[{"embeddable":true,"href":"https:\/\/enseigner.uqat.ca\/index.php?rest_route=\/wp\/v2\/media\/3382"}],"wp:attachment":[{"href":"https:\/\/enseigner.uqat.ca\/index.php?rest_route=%2Fwp%2Fv2%2Fmedia&parent=3391"}],"wp:term":[{"taxonomy":"category","embeddable":true,"href":"https:\/\/enseigner.uqat.ca\/index.php?rest_route=%2Fwp%2Fv2%2Fcategories&post=3391"},{"taxonomy":"post_tag","embeddable":true,"href":"https:\/\/enseigner.uqat.ca\/index.php?rest_route=%2Fwp%2Fv2%2Ftags&post=3391"}],"curies":[{"name":"wp","href":"https:\/\/api.w.org\/{rel}","templated":true}]}}